{"id":436,"__str__":"Projeto de Lei Executivo n\u00ba 11 de 2019","link_detail_backend":"/materia/436","metadata":{},"numero":11,"ano":2019,"numero_protocolo":null,"data_apresentacao":"2019-06-18","tipo_apresentacao":"","data_publicacao":null,"numero_origem_externa":"","ano_origem_externa":null,"data_origem_externa":null,"apelido":"","dias_prazo":null,"data_fim_prazo":null,"em_tramitacao":false,"polemica":null,"objeto":"","complementar":null,"ementa":"DISP\u00d5E SOBRE AFETA\u00c7\u00c3O DE IM\u00d3VEL AO USO ESPECIAL DA C\u00c2MARA DE VEREADORES E D\u00c1 OUTRAS PROVID\u00caNCIAS.","indexacao":"","observacao":"","resultado":"","texto_original":"http://sapl.zortea.sc.leg.br/media/sapl/public/materialegislativa/2019/436/projeto_de_lei_ordinaria__011_-_afetacao_de_imov_RLirSQS.pdf","data_ultima_atualizacao":"2021-08-03T16:08:59.652880-03:00","ip":"177.84.170.131","ultima_edicao":null,"tipo":1,"regime_tramitacao":1,"tipo_origem_externa":null,"local_origem_externa":null,"user":25,"anexadas":[],"autores":[2]}