{"id":603,"__str__":"Indica\u00e7\u00e3o n\u00ba 4 de 2022","link_detail_backend":"/materia/603","metadata":{},"numero":4,"ano":2022,"numero_protocolo":null,"data_apresentacao":"2022-01-24","tipo_apresentacao":"","data_publicacao":null,"numero_origem_externa":"","ano_origem_externa":null,"data_origem_externa":null,"apelido":"","dias_prazo":null,"data_fim_prazo":null,"em_tramitacao":false,"polemica":false,"objeto":"","complementar":false,"ementa":"Solicitam ao poder executivo, que analise a possibilidade de realizar a reposi\u00e7\u00e3o salarial dos servidores p\u00fablicos, a qual dever\u00e1 abrigar os anos pand\u00eamicos (2020 e 2021), nos quais n\u00e3o houve a respectiva concess\u00e3o em respeito \u00e0 Lei complementar n\u00ba 173/2020, concedendo a devida corre\u00e7\u00e3o.","indexacao":"","observacao":"","resultado":"","texto_original":"http://sapl.zortea.sc.leg.br/media/sapl/public/materialegislativa/2022/603/004_2022_ok.pdf","data_ultima_atualizacao":"2022-05-04T14:32:12.150459-03:00","ip":"177.84.170.226","ultima_edicao":"2022-05-04T14:30:35.086947-03:00","tipo":8,"regime_tramitacao":1,"tipo_origem_externa":null,"local_origem_externa":null,"user":25,"anexadas":[],"autores":[47,46,44,42,4,3,7,48,45]}